{"id":1973,"date":"2024-05-22T14:55:29","date_gmt":"2024-05-22T12:55:29","guid":{"rendered":"https:\/\/nabburg-pfreimd-evangelisch.de\/?p=1973"},"modified":"2024-05-22T15:07:13","modified_gmt":"2024-05-22T13:07:13","slug":"posaunenchorjubilaeum-schwarzenfeld","status":"publish","type":"post","link":"https:\/\/nabburg-pfreimd-evangelisch.de\/?p=1973","title":{"rendered":"Posaunenchorjubil\u00e4um Schwarzenfeld"},"content":{"rendered":"<p><img loading=\"lazy\" decoding=\"async\" class=\"alignnone\" src=\"https:\/\/nabburg-pfreimd-evangelisch.de\/wp-content\/uploads\/2024\/PosaunenchorSfld.jpg\" alt=\"Sommerst\u00e4ndchen der Dekanatsposaunench\u00f6re anl\u00e4sslich des 60-j\u00e4hrigen Jubil\u00e4ums des Schwarzenfelder Posaunenchores am 09. Juni 2024 ab 16 Uhr bei der Schwarzenfelder Christuskirche\" width=\"800\" height=\"1132\" \/><\/p>\r\n<p>&nbsp;<\/p>\r\n\r\n\r\n","protected":false},"excerpt":{"rendered":"<p><img loading=\"lazy\" decoding=\"async\" class=\"alignnone\" src=\"https:\/\/nabburg-pfreimd-evangelisch.de\/wp-content\/uploads\/2024\/PosaunenchorSfld.jpg\" alt=\"Sommerst\u00e4ndchen der Dekanatsposaunench\u00f6re anl\u00e4sslich des 60-j\u00e4hrigen Jubil\u00e4ums des Schwarzenfelder Posaunenchores am 09. Juni 2024 ab 16 Uhr bei der Schwarzenfelder Christuskirche\" width=\"800\" height=\"1132\" \/><\/p>\n<p>&nbsp;<\/p>\n<p><span class=\"ellipsis\">&hellip;<\/span><\/p>\n<div class=\"read-more\"><a href=\"https:\/\/nabburg-pfreimd-evangelisch.de\/?p=1973\">Weiterlesen \u203a<\/a><\/div>\n<p><!-- end of .read-more --><\/p>\n","protected":false},"author":1,"featured_media":0,"comment_status":"closed","ping_status":"open","sticky":false,"template":"","format":"standard","meta":{"footnotes":""},"categories":[386,154,211,5,291],"tags":[440,295,441,439,193,89],"class_list":["post-1973","post","type-post","status-publish","format-standard","hentry","category-dekanatsregion-su-ro-ost","category-evangelisch-allgemein","category-kirchenmusik","category-posaunenchor","category-schwarzenfeld","tag-60-jahre","tag-christuskirche","tag-dekanatsposaunenchoere","tag-jubilaeum","tag-posaunenchor","tag-schwarzenfeld"],"_links":{"self":[{"href":"https:\/\/nabburg-pfreimd-evangelisch.de\/index.php?rest_route=\/wp\/v2\/posts\/1973","targetHints":{"allow":["GET"]}}],"collection":[{"href":"https:\/\/nabburg-pfreimd-evangelisch.de\/index.php?rest_route=\/wp\/v2\/posts"}],"about":[{"href":"https:\/\/nabburg-pfreimd-evangelisch.de\/index.php?rest_route=\/wp\/v2\/types\/post"}],"author":[{"embeddable":true,"href":"https:\/\/nabburg-pfreimd-evangelisch.de\/index.php?rest_route=\/wp\/v2\/users\/1"}],"replies":[{"embeddable":true,"href":"https:\/\/nabburg-pfreimd-evangelisch.de\/index.php?rest_route=%2Fwp%2Fv2%2Fcomments&post=1973"}],"version-history":[{"count":7,"href":"https:\/\/nabburg-pfreimd-evangelisch.de\/index.php?rest_route=\/wp\/v2\/posts\/1973\/revisions"}],"predecessor-version":[{"id":1984,"href":"https:\/\/nabburg-pfreimd-evangelisch.de\/index.php?rest_route=\/wp\/v2\/posts\/1973\/revisions\/1984"}],"wp:attachment":[{"href":"https:\/\/nabburg-pfreimd-evangelisch.de\/index.php?rest_route=%2Fwp%2Fv2%2Fmedia&parent=1973"}],"wp:term":[{"taxonomy":"category","embeddable":true,"href":"https:\/\/nabburg-pfreimd-evangelisch.de\/index.php?rest_route=%2Fwp%2Fv2%2Fcategories&post=1973"},{"taxonomy":"post_tag","embeddable":true,"href":"https:\/\/nabburg-pfreimd-evangelisch.de\/index.php?rest_route=%2Fwp%2Fv2%2Ftags&post=1973"}],"curies":[{"name":"wp","href":"https:\/\/api.w.org\/{rel}","templated":true}]}}