{"id":2138,"date":"2024-10-13T16:30:22","date_gmt":"2024-10-13T14:30:22","guid":{"rendered":"https:\/\/nabburg-pfreimd-evangelisch.de\/?p=2138"},"modified":"2024-10-15T07:50:47","modified_gmt":"2024-10-15T05:50:47","slug":"kirchenvorstandswahl-2024","status":"publish","type":"post","link":"https:\/\/nabburg-pfreimd-evangelisch.de\/?p=2138","title":{"rendered":"Kirchenvorstandswahl 2024"},"content":{"rendered":"<p>Am 20. Oktober 2024 finden die Wahlen zum gemeinsamen Kirchenvorstand der Kirchengemeinden Nabburg, Pfreimd und Schwarzenfeld statt.<br \/>\n12 Personen haben sich bereit erkl\u00e4rt, sich in den n\u00e4chsten sechs Jahren mit ihrer Zeit und Kraft f\u00fcr die Kirchengemeinden Nabburg, Pfreimd und Schwarzenfeld einzusetzen.<br \/>\nInsgesamt werden sechs Personen gew\u00e4hlt. Gew\u00e4hlt sind jeweils zwei Personen aus jeder Kirchengemeinde mit den meisten Stimmen.<br \/>\nHier finden Sie die Kandidaten mit einer kurze Vorstellung in alphabetischer Reihenfolge:<\/p>\n<p><a href=\"https:\/\/nabburg-pfreimd-evangelisch.de\/?page_id=2003\"><img loading=\"lazy\" decoding=\"async\" class=\"aligncenter\" src=\"https:\/\/nabburg-pfreimd-evangelisch.de\/wp-content\/uploads\/ELKB_Wahl2024_KANDIDIER_zweizeilig.jpg\" alt=\"\" width=\"300\" height=\"142\" \/><\/a><\/p>\n<p>und hier Informationen \u00fcber die <a href=\"https:\/\/nabburg-pfreimd-evangelisch.de\/?page_id=2091\" target=\"_blank\" rel=\"noopener\">Aufgaben des Kirchenvorstandes<\/a>.<\/p>\n","protected":false},"excerpt":{"rendered":"<p>Am 20. Oktober 2024 finden die Wahlen zum gemeinsamen Kirchenvorstand der Kirchengemeinden Nabburg, Pfreimd und Schwarzenfeld statt.<br \/>\n12 Personen haben sich bereit erkl\u00e4rt, sich in den n\u00e4chsten sechs Jahren mit ihrer Zeit und Kraft f\u00fcr die Kirchengemeinden Nabburg, Pfreimd und Schwarzenfeld einzusetzen.<\/p>\n<p><span class=\"ellipsis\">&hellip;<\/span><\/p>\n<div class=\"read-more\"><a href=\"https:\/\/nabburg-pfreimd-evangelisch.de\/?p=2138\">Weiterlesen \u203a<\/a><\/div>\n<p><!-- end of .read-more --><\/p>\n","protected":false},"author":1,"featured_media":0,"comment_status":"closed","ping_status":"open","sticky":false,"template":"","format":"standard","meta":{"footnotes":""},"categories":[6,98,99,291],"tags":[454,118,39,81,89,452],"class_list":["post-2138","post","type-post","status-publish","format-standard","hentry","category-kirchenvorstand","category-nabburg","category-pfreimd","category-schwarzenfeld","tag-kirchengemeinde","tag-kirchenvorstand","tag-nabburg","tag-pfreimd","tag-schwarzenfeld","tag-wahl"],"_links":{"self":[{"href":"https:\/\/nabburg-pfreimd-evangelisch.de\/index.php?rest_route=\/wp\/v2\/posts\/2138","targetHints":{"allow":["GET"]}}],"collection":[{"href":"https:\/\/nabburg-pfreimd-evangelisch.de\/index.php?rest_route=\/wp\/v2\/posts"}],"about":[{"href":"https:\/\/nabburg-pfreimd-evangelisch.de\/index.php?rest_route=\/wp\/v2\/types\/post"}],"author":[{"embeddable":true,"href":"https:\/\/nabburg-pfreimd-evangelisch.de\/index.php?rest_route=\/wp\/v2\/users\/1"}],"replies":[{"embeddable":true,"href":"https:\/\/nabburg-pfreimd-evangelisch.de\/index.php?rest_route=%2Fwp%2Fv2%2Fcomments&post=2138"}],"version-history":[{"count":4,"href":"https:\/\/nabburg-pfreimd-evangelisch.de\/index.php?rest_route=\/wp\/v2\/posts\/2138\/revisions"}],"predecessor-version":[{"id":2142,"href":"https:\/\/nabburg-pfreimd-evangelisch.de\/index.php?rest_route=\/wp\/v2\/posts\/2138\/revisions\/2142"}],"wp:attachment":[{"href":"https:\/\/nabburg-pfreimd-evangelisch.de\/index.php?rest_route=%2Fwp%2Fv2%2Fmedia&parent=2138"}],"wp:term":[{"taxonomy":"category","embeddable":true,"href":"https:\/\/nabburg-pfreimd-evangelisch.de\/index.php?rest_route=%2Fwp%2Fv2%2Fcategories&post=2138"},{"taxonomy":"post_tag","embeddable":true,"href":"https:\/\/nabburg-pfreimd-evangelisch.de\/index.php?rest_route=%2Fwp%2Fv2%2Ftags&post=2138"}],"curies":[{"name":"wp","href":"https:\/\/api.w.org\/{rel}","templated":true}]}}