{"id":795,"date":"2020-04-09T18:56:25","date_gmt":"2020-04-09T16:56:25","guid":{"rendered":"http:\/\/nabburg-pfreimd-evangelisch.de\/?p=795"},"modified":"2020-04-09T18:56:25","modified_gmt":"2020-04-09T16:56:25","slug":"die-ermordung-dietrich-bonhoeffers-internetvortrag-des-ebw","status":"publish","type":"post","link":"https:\/\/nabburg-pfreimd-evangelisch.de\/?p=795","title":{"rendered":"Die Ermordung Dietrich Bonhoeffers \u2013 Internetvortrag des EBW"},"content":{"rendered":"<p>Vor 75 Jahren wurde Dietrich Bonhoeffer im KZ Flossenb\u00fcrg durch ein SS-Standgericht zum Tod verurteilt. Vielen Menschen ist der Theologe und Pfarrer weit \u00fcber die Grenzen Deutschlands hinaus durch sein Gebet \u201eVon guten M\u00e4chten wunderbar geborgen\u201c bekannt geworden. Bonhoeffer f\u00fchlte sich seinem christlichen Gewissen verpflichtet, aktiven Widerstand gegen das NS-Regime zu leisten. Er tat dies auch in dem Wissen, Schuld auf sich zu laden. So z\u00f6gerte er nicht, den Bitten seines Freundes und Schwagers Hans von Dohnanyi zu entsprechen, als freier Mitarbeiter bei der Deutschen Abwehr der Widerstandsgruppe um Hans Oster und Wilhelm Canaris beizutreten.<\/p>\n<p>Aus Anlass des Jahrestages seiner Hinrichtung am 9. April 1945 besch\u00e4ftigt sich der Vorsitzende des Evangelischen Bildungswerks Oberpfalz, Siegfried Kratzer, in einem ausf\u00fchrlichen Videovortrag mit den Umst\u00e4nden und Gr\u00fcnden, die zur Ermordung dieses mutigen Menschen gef\u00fchrt haben. Der <a href=\"https:\/\/ebw-oberpfalz.de\/bewegen\/digitale-angebote\/\" target=\"_blank\" rel=\"noopener noreferrer\">Beitrag<\/a> ist\u00a0<strong>ab Gr\u00fcndonnerstag auf der Homepage des EBW (<a href=\"http:\/\/www.ebw-oberpfalz.de\/\">www.ebw-oberpfalz.de<\/a>) freigeschaltet<\/strong>.<\/p>\n<p>Kommentare und Fragen dazu k\u00f6nnen \u00fcber das EBW per E-Mail (<a href=\"m&#97;&#105;&#x6c;&#x74;o&#58;&#101;&#x62;&#x77;&#x2e;o&#98;&#101;&#x72;&#x70;fa&#108;&#x7a;&#x40;&#x65;l&#107;&#98;&#x2e;&#x64;e\">&#101;&#98;&#x77;&#46;&#111;&#x62;&#x65;r&#112;&#x66;&#x61;l&#122;&#x40;e&#108;&#x6b;&#x62;&#46;&#100;&#x65;<\/a>) an den Autor gerichtet werden.<\/p>\n","protected":false},"excerpt":{"rendered":"<p>Vor 75 Jahren wurde Dietrich Bonhoeffer im KZ Flossenb\u00fcrg durch ein SS-Standgericht zum Tod verurteilt. Vielen Menschen ist der Theologe und Pfarrer weit \u00fcber die Grenzen Deutschlands hinaus durch sein Gebet \u201eVon guten M\u00e4chten wunderbar geborgen\u201c bekannt geworden. Bonhoeffer f\u00fchlte sich seinem christlichen Gewissen verpflichtet,<\/p>\n<p><span class=\"ellipsis\">&hellip;<\/span><\/p>\n<div class=\"read-more\"><a href=\"https:\/\/nabburg-pfreimd-evangelisch.de\/?p=795\">Weiterlesen \u203a<\/a><\/div>\n<p><!-- end of .read-more --><\/p>\n","protected":false},"author":1,"featured_media":0,"comment_status":"closed","ping_status":"open","sticky":false,"template":"","format":"standard","meta":{"footnotes":""},"categories":[206,17],"tags":[208,207,209,210],"class_list":["post-795","post","type-post","status-publish","format-standard","hentry","category-dietrich-bonhoeffer","category-sonstiges","tag-bonhoeffer","tag-dietrich-bonhoeffer","tag-ermordung","tag-evangelisches-bildungswerk"],"_links":{"self":[{"href":"https:\/\/nabburg-pfreimd-evangelisch.de\/index.php?rest_route=\/wp\/v2\/posts\/795","targetHints":{"allow":["GET"]}}],"collection":[{"href":"https:\/\/nabburg-pfreimd-evangelisch.de\/index.php?rest_route=\/wp\/v2\/posts"}],"about":[{"href":"https:\/\/nabburg-pfreimd-evangelisch.de\/index.php?rest_route=\/wp\/v2\/types\/post"}],"author":[{"embeddable":true,"href":"https:\/\/nabburg-pfreimd-evangelisch.de\/index.php?rest_route=\/wp\/v2\/users\/1"}],"replies":[{"embeddable":true,"href":"https:\/\/nabburg-pfreimd-evangelisch.de\/index.php?rest_route=%2Fwp%2Fv2%2Fcomments&post=795"}],"version-history":[{"count":1,"href":"https:\/\/nabburg-pfreimd-evangelisch.de\/index.php?rest_route=\/wp\/v2\/posts\/795\/revisions"}],"predecessor-version":[{"id":796,"href":"https:\/\/nabburg-pfreimd-evangelisch.de\/index.php?rest_route=\/wp\/v2\/posts\/795\/revisions\/796"}],"wp:attachment":[{"href":"https:\/\/nabburg-pfreimd-evangelisch.de\/index.php?rest_route=%2Fwp%2Fv2%2Fmedia&parent=795"}],"wp:term":[{"taxonomy":"category","embeddable":true,"href":"https:\/\/nabburg-pfreimd-evangelisch.de\/index.php?rest_route=%2Fwp%2Fv2%2Fcategories&post=795"},{"taxonomy":"post_tag","embeddable":true,"href":"https:\/\/nabburg-pfreimd-evangelisch.de\/index.php?rest_route=%2Fwp%2Fv2%2Ftags&post=795"}],"curies":[{"name":"wp","href":"https:\/\/api.w.org\/{rel}","templated":true}]}}